{"id":79,"date":"2020-09-09T09:56:00","date_gmt":"2020-09-09T09:56:00","guid":{"rendered":"https:\/\/katharinaelsner.de\/?p=79"},"modified":"2022-01-28T10:13:24","modified_gmt":"2022-01-28T10:13:24","slug":"wie-man-fussball-mit-haltung-spielt","status":"publish","type":"post","link":"https:\/\/katharinaelsner.de\/?p=79","title":{"rendered":"Wie man Fu\u00dfball mit Haltung spielt"},"content":{"rendered":"\n<p><em>Fu\u00dfball ist politisch &#8211; sagen die Spieler vom IFC Rostock. Der Verein tritt f\u00fcr Fl\u00fcchtlinge und gegen &#8218;Rechts&#8216; auf. Nicht jedem in Mecklenburg-Vorpommern gef\u00e4llt das. In einigen D\u00f6rfern rumort es.<\/em><\/p>\n\n\n\n<hr class=\"wp-block-separator is-style-dots\"\/>\n\n\n\n<pre class=\"wp-block-verse\">Erschienen auf: NDR Info - Hintergrund, September 2020. H\u00f6re dir den Beitrag hier an: <\/pre>\n\n\n\n<figure class=\"wp-block-audio\"><audio controls src=\"https:\/\/katharinaelsner.de\/wp-content\/uploads\/Elsner-Dahrendorfpreis-IFC.mp3\"><\/audio><figcaption><strong>Fu\u00dfball mit Haltung &#8211; Der IFC Rostock mischt die Kreisliga auf<\/strong><\/figcaption><\/figure>\n\n\n\n<hr class=\"wp-block-separator is-style-dots\"\/>\n\n\n\n<p>Fu\u00dfball ist Fu\u00dfball, Politik ist Politik: Die meisten Verb\u00e4nde, Vereine und Sportfunktion\u00e4re halten an diesem Prinzip fest. Ein Verein in Mecklenburg-Vorpommern will mit diesem Prinzip brechen. Eine Handvoll Freunde gr\u00fcndete vor f\u00fcnf Jahren den Internationalen Fu\u00dfballclub Rostock. Der IFC Rostock sagt: Fu\u00dfball ist politisch. Deswegen stellt er sich offen gegen \u201aRechts&#8216;, gegen Homophobie, beteiligt sich beim Christopher Street Day, unterst\u00fctzt Gefl\u00fcchtete und ruft zu Demonstrationen auf.<\/p>\n\n\n\n<p>Politik und Fu\u00dfball vermischen &#8211; das gef\u00e4llt nicht jedem. 2017 haben Unbekannte Porzellanscherben auf dem Heimplatz des IFC verteilt und vergraben. Bei einigen Spielen zeigen gegnerische Fans Hitlergr\u00fc\u00dfe. Dort, wo linke Stadtmenschen auf Dorfgemeinschaften aufeinanderprallen, entladen sich Spannungen. Immer mal wieder. Die regionalen Fu\u00dfball-und Sportverb\u00e4nde weichen aus, wollen sich nicht einmischen.<\/p>\n\n\n\n<p>Eine Geschichte \u00fcber politischen Fu\u00dfball in Mecklenburg-Vorpommern.<\/p>\n\n\n\n<hr class=\"wp-block-separator is-style-dots\"\/>\n\n\n\n<pre class=\"wp-block-verse\">Dieses Feature hat den <strong>Alternativen<\/strong> <strong>Medienpreis 2021<\/strong> in der Kategorie <strong>Leben<\/strong> gewonnen.Zur Laudatio: <a rel=\"noreferrer noopener\" href=\"https:\/\/www.alternativer-medienpreis.de\/wp-content\/uploads\/2021\/06\/AMP2021_Laudatio_Leben.pdf\" target=\"_blank\">hier<\/a>.<\/pre>\n\n\n\n<p><\/p>\n","protected":false},"excerpt":{"rendered":"<p>Fu\u00dfball ist politisch &#8211; sagen die Spieler vom IFC Rostock. Der Verein tritt f\u00fcr Fl\u00fcchtlinge und gegen &#8218;Rechts&#8216; auf. Nicht jedem in Mecklenburg-Vorpommern gef\u00e4llt das. In einigen D\u00f6rfern rumort es. Erschienen auf: NDR Info &#8211; Hintergrund, September 2020. H\u00f6re dir den Beitrag hier an: Fu\u00dfball ist Fu\u00dfball, Politik ist Politik: Die meisten Verb\u00e4nde, Vereine und [&hellip;]<\/p>\n","protected":false},"author":1,"featured_media":81,"comment_status":"closed","ping_status":"open","sticky":false,"template":"","format":"standard","meta":{"footnotes":""},"categories":[1],"tags":[],"class_list":["post-79","post","type-post","status-publish","format-standard","has-post-thumbnail","hentry","category-uncategorized","has-thumbnail"],"_links":{"self":[{"href":"https:\/\/katharinaelsner.de\/index.php?rest_route=\/wp\/v2\/posts\/79","targetHints":{"allow":["GET"]}}],"collection":[{"href":"https:\/\/katharinaelsner.de\/index.php?rest_route=\/wp\/v2\/posts"}],"about":[{"href":"https:\/\/katharinaelsner.de\/index.php?rest_route=\/wp\/v2\/types\/post"}],"author":[{"embeddable":true,"href":"https:\/\/katharinaelsner.de\/index.php?rest_route=\/wp\/v2\/users\/1"}],"replies":[{"embeddable":true,"href":"https:\/\/katharinaelsner.de\/index.php?rest_route=%2Fwp%2Fv2%2Fcomments&post=79"}],"version-history":[{"count":5,"href":"https:\/\/katharinaelsner.de\/index.php?rest_route=\/wp\/v2\/posts\/79\/revisions"}],"predecessor-version":[{"id":97,"href":"https:\/\/katharinaelsner.de\/index.php?rest_route=\/wp\/v2\/posts\/79\/revisions\/97"}],"wp:featuredmedia":[{"embeddable":true,"href":"https:\/\/katharinaelsner.de\/index.php?rest_route=\/wp\/v2\/media\/81"}],"wp:attachment":[{"href":"https:\/\/katharinaelsner.de\/index.php?rest_route=%2Fwp%2Fv2%2Fmedia&parent=79"}],"wp:term":[{"taxonomy":"category","embeddable":true,"href":"https:\/\/katharinaelsner.de\/index.php?rest_route=%2Fwp%2Fv2%2Fcategories&post=79"},{"taxonomy":"post_tag","embeddable":true,"href":"https:\/\/katharinaelsner.de\/index.php?rest_route=%2Fwp%2Fv2%2Ftags&post=79"}],"curies":[{"name":"wp","href":"https:\/\/api.w.org\/{rel}","templated":true}]}}