{"id":232,"date":"2024-01-23T07:35:00","date_gmt":"2024-01-23T07:35:00","guid":{"rendered":"https:\/\/katharinaelsner.de\/?p=232"},"modified":"2025-10-22T07:38:24","modified_gmt":"2025-10-22T07:38:24","slug":"wenn-familien-immer-kleiner-werden","status":"publish","type":"post","link":"https:\/\/katharinaelsner.de\/?p=232","title":{"rendered":"Wenn Familien immer kleiner werden"},"content":{"rendered":"\n<p><em>Diego Alburez-Gutierrez gewinnt den European Demographer Award \u2013 eine besondere Auszeichnung f\u00fcr den Wissenschaftler, der die Forschungsgruppe Verwandtschaftsungleichheiten am Max-Planck-Institut f\u00fcr demografische Forschung (MPIDR) leitet. In einem exklusiven Interview spricht Diego dar\u00fcber, was seine Forschung antreibt, was wir \u00fcber Gewalt und Krieg lernen k\u00f6nnen und wie Familien in Zukunft aussehen werden.<\/em><\/p>\n\n\n\n<hr class=\"wp-block-separator has-alpha-channel-opacity is-style-dots\"\/>\n\n\n\n<pre class=\"wp-block-verse\">Erschienen bei: Max-Planck-Institut f\u00fcr Demografische Forschung, Januar 2024. <a href=\"https:\/\/www.demogr.mpg.de\/en\/news_events_6123\/news_press_releases_4630\/news\/_as_researchers_we_have_to_reach_out_to_the_public_12863\">Original hier nachlesen<\/a>. <a href=\"https:\/\/www.demogr.mpg.de\/en\/news_events_6123\/news_press_releases_4630\/news\/_as_researchers_we_have_to_reach_out_to_the_public_12863\">Text in English here<\/a>.<\/pre>\n\n\n\n<hr class=\"wp-block-separator has-alpha-channel-opacity is-style-dots\"\/>\n\n\n\n<p>Bildnachweis: Diego Alburez-Gutierrez, \u00a9 MPIDR GmbH<\/p>\n","protected":false},"excerpt":{"rendered":"<p>Diego Alburez-Gutierrez gewinnt den European Demographer Award \u2013 eine besondere Auszeichnung f\u00fcr den Wissenschaftler, der die Forschungsgruppe Verwandtschaftsungleichheiten am Max-Planck-Institut f\u00fcr demografische Forschung (MPIDR) leitet. In einem exklusiven Interview spricht Diego dar\u00fcber, was seine Forschung antreibt, was wir \u00fcber Gewalt und Krieg lernen k\u00f6nnen und wie Familien in Zukunft aussehen werden. Erschienen bei: Max-Planck-Institut f\u00fcr [&hellip;]<\/p>\n","protected":false},"author":1,"featured_media":235,"comment_status":"closed","ping_status":"open","sticky":false,"template":"","format":"standard","meta":{"footnotes":""},"categories":[1],"tags":[],"class_list":["post-232","post","type-post","status-publish","format-standard","has-post-thumbnail","hentry","category-uncategorized","has-thumbnail"],"_links":{"self":[{"href":"https:\/\/katharinaelsner.de\/index.php?rest_route=\/wp\/v2\/posts\/232","targetHints":{"allow":["GET"]}}],"collection":[{"href":"https:\/\/katharinaelsner.de\/index.php?rest_route=\/wp\/v2\/posts"}],"about":[{"href":"https:\/\/katharinaelsner.de\/index.php?rest_route=\/wp\/v2\/types\/post"}],"author":[{"embeddable":true,"href":"https:\/\/katharinaelsner.de\/index.php?rest_route=\/wp\/v2\/users\/1"}],"replies":[{"embeddable":true,"href":"https:\/\/katharinaelsner.de\/index.php?rest_route=%2Fwp%2Fv2%2Fcomments&post=232"}],"version-history":[{"count":2,"href":"https:\/\/katharinaelsner.de\/index.php?rest_route=\/wp\/v2\/posts\/232\/revisions"}],"predecessor-version":[{"id":236,"href":"https:\/\/katharinaelsner.de\/index.php?rest_route=\/wp\/v2\/posts\/232\/revisions\/236"}],"wp:featuredmedia":[{"embeddable":true,"href":"https:\/\/katharinaelsner.de\/index.php?rest_route=\/wp\/v2\/media\/235"}],"wp:attachment":[{"href":"https:\/\/katharinaelsner.de\/index.php?rest_route=%2Fwp%2Fv2%2Fmedia&parent=232"}],"wp:term":[{"taxonomy":"category","embeddable":true,"href":"https:\/\/katharinaelsner.de\/index.php?rest_route=%2Fwp%2Fv2%2Fcategories&post=232"},{"taxonomy":"post_tag","embeddable":true,"href":"https:\/\/katharinaelsner.de\/index.php?rest_route=%2Fwp%2Fv2%2Ftags&post=232"}],"curies":[{"name":"wp","href":"https:\/\/api.w.org\/{rel}","templated":true}]}}