{"id":202,"date":"2025-10-21T13:44:36","date_gmt":"2025-10-21T13:44:36","guid":{"rendered":"https:\/\/katharinaelsner.de\/?p=202"},"modified":"2025-10-21T15:33:16","modified_gmt":"2025-10-21T15:33:16","slug":"wenn-lehrkraefte-wegschauen","status":"publish","type":"post","link":"https:\/\/katharinaelsner.de\/?p=202","title":{"rendered":"Wenn Lehrkr\u00e4fte wegschauen"},"content":{"rendered":"\n<hr class=\"wp-block-separator has-alpha-channel-opacity is-style-dots\"\/>\n\n\n\n<p><em>Lehrkr\u00e4fte sind f\u00fcr das Wohl ihrer Sch\u00fcler*innen verantwortlich. Trotzdem bleiben Fehlverhalten und \u00dcbergriffe gegen\u00fcber Kindern und Jugendlichen oft folgenlos.<\/em><\/p>\n\n\n\n<p><em>Die Bundesl\u00e4nder haben erkannt, dass es Schutzkonzepte gegen Gewalt in Schulen braucht: Schulleitungen und Lehrkr\u00e4fte sollen diese Konzepte entwickeln und umsetzen und werden beraten. Aber in Studium und Referendariat fehlen verpflichtende Inhalte zu Kinderschutz und Kinderrechten. Lehrkr\u00e4fte und p\u00e4dagogische Fachkr\u00e4fte sind oft nicht ausreichend vorbereitet, um im Schulalltag gegen gewaltt\u00e4tige Kolleg*innen vorzugehen.&nbsp;Vereinzelt nehmen&nbsp;\u00fcbergriffig gewordene Lehrkr\u00e4fte Supervision in Anspruch. Sie ist f\u00fcr Lehrkr\u00e4fte jedoch nicht fl\u00e4chendeckend vorgeschrieben.<br>Dieses Feature erz\u00e4hlt von Lehrkr\u00e4ften, die erfolgreich gegen \u00fcbergriffige Kolleg*innen vorgegangen sind, und solche, denen es misslang.<\/em><\/p>\n\n\n\n<hr class=\"wp-block-separator has-alpha-channel-opacity is-style-dots\"\/>\n\n\n\n<pre class=\"wp-block-verse\">\"Tabu im Lehrerzimmer \u2013 Wenn Kollegen Gewalt beobachten\". Erschienen: Deutschlandfunk Kultur, Zeitfragen. 18.08.2025. <a href=\"https:\/\/www.deutschlandfunkkultur.de\/tabu-im-lehrerzimmer-wenn-kollegen-gewalt-beobachten-100.html\">Original hier nachh\u00f6ren.<\/a> <br> <\/pre>\n\n\n\n<hr class=\"wp-block-separator has-alpha-channel-opacity is-style-dots\"\/>\n\n\n\n<figure class=\"wp-block-audio\"><audio controls src=\"https:\/\/katharinaelsner.de\/wp-content\/uploads\/tabu_im_lehrerzimmer_wenn_kollegen_gewalt_beobachten.mp3\" autoplay><\/audio><\/figure>\n\n\n\n<p>Bildnachweis: <a href=\"https:\/\/de.freepik.com\/kostenloses-ki-bild\/ansicht-ueber-ein-kind-das-in-der-schule-gemobbt-wird_138365257.htm\">Freepik<\/a>, KI-generiert. <\/p>\n\n\n\n<p><\/p>\n","protected":false},"excerpt":{"rendered":"<p>Lehrkr\u00e4fte sind f\u00fcr das Wohl ihrer Sch\u00fcler*innen verantwortlich. Trotzdem bleiben Fehlverhalten und \u00dcbergriffe gegen\u00fcber Kindern und Jugendlichen oft folgenlos. Die Bundesl\u00e4nder haben erkannt, dass es Schutzkonzepte gegen Gewalt in Schulen braucht: Schulleitungen und Lehrkr\u00e4fte sollen diese Konzepte entwickeln und umsetzen und werden beraten. Aber in Studium und Referendariat fehlen verpflichtende Inhalte zu Kinderschutz und Kinderrechten. [&hellip;]<\/p>\n","protected":false},"author":1,"featured_media":203,"comment_status":"closed","ping_status":"open","sticky":false,"template":"","format":"standard","meta":{"footnotes":""},"categories":[1],"tags":[],"class_list":["post-202","post","type-post","status-publish","format-standard","has-post-thumbnail","hentry","category-uncategorized","has-thumbnail"],"_links":{"self":[{"href":"https:\/\/katharinaelsner.de\/index.php?rest_route=\/wp\/v2\/posts\/202","targetHints":{"allow":["GET"]}}],"collection":[{"href":"https:\/\/katharinaelsner.de\/index.php?rest_route=\/wp\/v2\/posts"}],"about":[{"href":"https:\/\/katharinaelsner.de\/index.php?rest_route=\/wp\/v2\/types\/post"}],"author":[{"embeddable":true,"href":"https:\/\/katharinaelsner.de\/index.php?rest_route=\/wp\/v2\/users\/1"}],"replies":[{"embeddable":true,"href":"https:\/\/katharinaelsner.de\/index.php?rest_route=%2Fwp%2Fv2%2Fcomments&post=202"}],"version-history":[{"count":5,"href":"https:\/\/katharinaelsner.de\/index.php?rest_route=\/wp\/v2\/posts\/202\/revisions"}],"predecessor-version":[{"id":215,"href":"https:\/\/katharinaelsner.de\/index.php?rest_route=\/wp\/v2\/posts\/202\/revisions\/215"}],"wp:featuredmedia":[{"embeddable":true,"href":"https:\/\/katharinaelsner.de\/index.php?rest_route=\/wp\/v2\/media\/203"}],"wp:attachment":[{"href":"https:\/\/katharinaelsner.de\/index.php?rest_route=%2Fwp%2Fv2%2Fmedia&parent=202"}],"wp:term":[{"taxonomy":"category","embeddable":true,"href":"https:\/\/katharinaelsner.de\/index.php?rest_route=%2Fwp%2Fv2%2Fcategories&post=202"},{"taxonomy":"post_tag","embeddable":true,"href":"https:\/\/katharinaelsner.de\/index.php?rest_route=%2Fwp%2Fv2%2Ftags&post=202"}],"curies":[{"name":"wp","href":"https:\/\/api.w.org\/{rel}","templated":true}]}}