{"id":154,"date":"2021-07-01T20:01:00","date_gmt":"2021-07-01T20:01:00","guid":{"rendered":"https:\/\/katharinaelsner.de\/?p=154"},"modified":"2024-04-12T20:10:29","modified_gmt":"2024-04-12T20:10:29","slug":"wer-hier-bleibt","status":"publish","type":"post","link":"https:\/\/katharinaelsner.de\/?p=154","title":{"rendered":"Wer hier bleibt"},"content":{"rendered":"\n<p><em>Der Bergbau hat in Morsleben Tradition, f\u00fcr viele Menschen in der Region ist das Bergwerk ein Anker der Stabilit\u00e4t. Auch f\u00fcr David Jeche, dessen Ururgro\u00dfvater einst den ersten Schacht baute \u2013 und der hier heute eine Ausbildung zum Bergbautechnologen macht.<\/em><\/p>\n\n\n\n<hr class=\"wp-block-separator has-alpha-channel-opacity is-style-dots\"\/>\n\n\n\n<pre class=\"wp-block-verse\">Erschienen in: Einblicke, das Magazin der Bundesgesellschaft f\u00fcr Endlagerung. Juli 2021. Das Original: <a href=\"https:\/\/www.einblicke.de\/fileadmin\/images\/magazin\/Einblicke_9\/BGE_MAGAZIN_09_2021_Morsleben_barrierefrei.pdf\" data-type=\"link\" data-id=\"https:\/\/www.einblicke.de\/fileadmin\/images\/magazin\/Einblicke_9\/BGE_MAGAZIN_09_2021_Morsleben_barrierefrei.pdf\" target=\"_blank\" rel=\"noreferrer noopener\">hier<\/a>.<\/pre>\n\n\n\n<hr class=\"wp-block-separator has-alpha-channel-opacity is-style-dots\"\/>\n\n\n        <div id=\"ep-gutenberg-content-83e6c0ee90b25c9ae154b344610f1713\" class=\"ep-gutenberg-content aligncenter ep-percentage-width   ep-content-protection-disabled\">\n            <div class=\"embedpress-inner-iframe emebedpress-unit-percent ep-doc-83e6c0ee90b25c9ae154b344610f1713\" style=\"max-width:600%\" id=\"embedpress-pdf-1712952079988\">\n                <div >\n                    <div class=\"ep-embed-content-wraper\"><div class=\"position-right-wraper gutenberg-pdf-wraper\"><iframe title=\"BGE_MAGAZIN_09_2021_Morsleben_barrierefrei\" class=\"embedpress-embed-document-pdf embedpress-pdf-1712952079988\" style=\"width:600%;height:600px; max-width:100%; display: inline-block\" src=\"https:\/\/katharinaelsner.de\/wp-admin\/admin-ajax.php?action=get_viewer&#038;file=https%3A%2F%2Fkatharinaelsner.de%2Fwp-content%2Fuploads%2FBGE_MAGAZIN_09_2021_Morsleben_barrierefrei.pdf#key=dGhlbWVNb2RlPWRlZmF1bHQmdG9vbGJhcj10cnVlJnBvc2l0aW9uPXRvcCZwcmVzZW50YXRpb249dHJ1ZSZsYXp5TG9hZD1mYWxzZSZkb3dubG9hZD10cnVlJmNvcHlfdGV4dD10cnVlJmFkZF90ZXh0PXRydWUmZHJhdz1mYWxzZSZkb2Nfcm90YXRpb249dHJ1ZSZhZGRfaW1hZ2U9dHJ1ZSZkb2NfZGV0YWlscz10cnVlJnpvb21faW49dHJ1ZSZ6b29tX291dD10cnVlJmZpdF92aWV3PXRydWUmYm9va21hcms9dHJ1ZSZmbGlwYm9va190b29sYmFyX3Bvc2l0aW9uPWJvdHRvbSZzZWxlY3Rpb25fdG9vbD0wJnNjcm9sbGluZz0tMSZzcHJlYWRzPS0xJndhdGVybWFya190ZXh0PSZ3YXRlcm1hcmtfZm9udF9zaXplPTQ4JndhdGVybWFya19jb2xvcj0lMjMwMDAwMDAmd2F0ZXJtYXJrX29wYWNpdHk9MTUmd2F0ZXJtYXJrX3N0eWxlPWNlbnRlcg==\" frameborder=\"0\" oncontextmenu=\"return false;\"><\/iframe> <p class=\"embedpress-el-powered\">Powered By EmbedPress<\/p><\/div><\/div>                <\/div>\n            <\/div>\n        <\/div>\n    \n\n\n<pre class=\"wp-block-verse\">Foto: Verena Br\u00fcning.<\/pre>\n","protected":false},"excerpt":{"rendered":"<p>Der Bergbau hat in Morsleben Tradition, f\u00fcr viele Menschen in der Region ist das Bergwerk ein Anker der Stabilit\u00e4t. Auch f\u00fcr David Jeche, dessen Ururgro\u00dfvater einst den ersten Schacht baute \u2013 und der hier heute eine Ausbildung zum Bergbautechnologen macht. Erschienen in: Einblicke, das Magazin der Bundesgesellschaft f\u00fcr Endlagerung. Juli 2021. Das Original: hier. Foto: [&hellip;]<\/p>\n","protected":false},"author":1,"featured_media":160,"comment_status":"closed","ping_status":"open","sticky":false,"template":"","format":"standard","meta":{"footnotes":""},"categories":[1],"tags":[],"class_list":["post-154","post","type-post","status-publish","format-standard","has-post-thumbnail","hentry","category-uncategorized","has-thumbnail"],"_links":{"self":[{"href":"https:\/\/katharinaelsner.de\/index.php?rest_route=\/wp\/v2\/posts\/154","targetHints":{"allow":["GET"]}}],"collection":[{"href":"https:\/\/katharinaelsner.de\/index.php?rest_route=\/wp\/v2\/posts"}],"about":[{"href":"https:\/\/katharinaelsner.de\/index.php?rest_route=\/wp\/v2\/types\/post"}],"author":[{"embeddable":true,"href":"https:\/\/katharinaelsner.de\/index.php?rest_route=\/wp\/v2\/users\/1"}],"replies":[{"embeddable":true,"href":"https:\/\/katharinaelsner.de\/index.php?rest_route=%2Fwp%2Fv2%2Fcomments&post=154"}],"version-history":[{"count":4,"href":"https:\/\/katharinaelsner.de\/index.php?rest_route=\/wp\/v2\/posts\/154\/revisions"}],"predecessor-version":[{"id":161,"href":"https:\/\/katharinaelsner.de\/index.php?rest_route=\/wp\/v2\/posts\/154\/revisions\/161"}],"wp:featuredmedia":[{"embeddable":true,"href":"https:\/\/katharinaelsner.de\/index.php?rest_route=\/wp\/v2\/media\/160"}],"wp:attachment":[{"href":"https:\/\/katharinaelsner.de\/index.php?rest_route=%2Fwp%2Fv2%2Fmedia&parent=154"}],"wp:term":[{"taxonomy":"category","embeddable":true,"href":"https:\/\/katharinaelsner.de\/index.php?rest_route=%2Fwp%2Fv2%2Fcategories&post=154"},{"taxonomy":"post_tag","embeddable":true,"href":"https:\/\/katharinaelsner.de\/index.php?rest_route=%2Fwp%2Fv2%2Ftags&post=154"}],"curies":[{"name":"wp","href":"https:\/\/api.w.org\/{rel}","templated":true}]}}